{"id":1,"date":"2025-05-18T18:10:15","date_gmt":"2025-05-18T16:10:15","guid":{"rendered":"http:\/\/wagner-elektrik.de\/?p=1"},"modified":"2025-05-19T18:27:19","modified_gmt":"2025-05-19T16:27:19","slug":"hello-world","status":"publish","type":"post","link":"https:\/\/wagner-elektrik.de\/?p=1","title":{"rendered":"Wagner Elektrik"},"content":{"rendered":"\n<p class=\"has-text-align-center\"><strong>Ihr zuverl\u00e4ssiger Partner f\u00fcr energieeffiziente Geb\u00e4udetechnik und Solaranlagen.<\/strong><\/p>\n\n\n\n<p><\/p>\n\n\n\n<p><strong>Unsere neue Firmenanschrift:<\/strong><\/p>\n\n\n\n<p>Kammstra\u00dfe 5<br>02681 Schirgiswalde<\/p>\n\n\n\n<p>E-Mail: <a href=\"mailto:info@wagner-elektrik.de\">info@wagner-elektrik.de<\/a><\/p>\n\n\n\n<p>Telefon: 0171\/2866562<\/p>\n\n\n\n<p>&nbsp;<img loading=\"lazy\" decoding=\"async\" width=\"650\" height=\"488\" class=\"wp-image-192\" style=\"width: 650px;\" src=\"https:\/\/wagner-elektrik.de\/wp-content\/uploads\/2012\/02\/Ansicht-Nord.jpg\" alt=\"\" srcset=\"https:\/\/wagner-elektrik.de\/wp-content\/uploads\/2012\/02\/Ansicht-Nord.jpg 2016w, https:\/\/wagner-elektrik.de\/wp-content\/uploads\/2012\/02\/Ansicht-Nord-300x225.jpg 300w, https:\/\/wagner-elektrik.de\/wp-content\/uploads\/2012\/02\/Ansicht-Nord-1024x768.jpg 1024w, https:\/\/wagner-elektrik.de\/wp-content\/uploads\/2012\/02\/Ansicht-Nord-768x576.jpg 768w, https:\/\/wagner-elektrik.de\/wp-content\/uploads\/2012\/02\/Ansicht-Nord-1536x1152.jpg 1536w\" sizes=\"auto, (max-width: 650px) 100vw, 650px\" \/><\/p>\n\n\n\n<figure class=\"wp-block-image size-large\"><img loading=\"lazy\" decoding=\"async\" width=\"1024\" height=\"230\" src=\"https:\/\/wagner-elektrik.de\/wp-content\/uploads\/2012\/02\/SMUL_LO_EPLR-RGB-RZ-gross-1024x230.jpg\" alt=\"\" class=\"wp-image-193\" srcset=\"https:\/\/wagner-elektrik.de\/wp-content\/uploads\/2012\/02\/SMUL_LO_EPLR-RGB-RZ-gross-1024x230.jpg 1024w, https:\/\/wagner-elektrik.de\/wp-content\/uploads\/2012\/02\/SMUL_LO_EPLR-RGB-RZ-gross-300x67.jpg 300w, https:\/\/wagner-elektrik.de\/wp-content\/uploads\/2012\/02\/SMUL_LO_EPLR-RGB-RZ-gross-768x173.jpg 768w, https:\/\/wagner-elektrik.de\/wp-content\/uploads\/2012\/02\/SMUL_LO_EPLR-RGB-RZ-gross-1536x345.jpg 1536w, https:\/\/wagner-elektrik.de\/wp-content\/uploads\/2012\/02\/SMUL_LO_EPLR-RGB-RZ-gross-2048x460.jpg 2048w\" sizes=\"auto, (max-width: 1024px) 100vw, 1024px\" \/><\/figure>\n","protected":false},"excerpt":{"rendered":"<p>Ihr zuverl\u00e4ssiger Partner f\u00fcr energieeffiziente Geb\u00e4udetechnik und Solaranlagen. Unsere neue Firmenanschrift: Kammstra\u00dfe 502681 Schirgiswalde E-Mail: info@wagner-elektrik.de Telefon: 0171\/2866562 &nbsp;<\/p>\n","protected":false},"author":1,"featured_media":0,"comment_status":"closed","ping_status":"closed","sticky":false,"template":"","format":"standard","meta":{"footnotes":""},"categories":[1],"tags":[],"class_list":["post-1","post","type-post","status-publish","format-standard","hentry","category-uncategorized"],"_links":{"self":[{"href":"https:\/\/wagner-elektrik.de\/index.php?rest_route=\/wp\/v2\/posts\/1","targetHints":{"allow":["GET"]}}],"collection":[{"href":"https:\/\/wagner-elektrik.de\/index.php?rest_route=\/wp\/v2\/posts"}],"about":[{"href":"https:\/\/wagner-elektrik.de\/index.php?rest_route=\/wp\/v2\/types\/post"}],"author":[{"embeddable":true,"href":"https:\/\/wagner-elektrik.de\/index.php?rest_route=\/wp\/v2\/users\/1"}],"replies":[{"embeddable":true,"href":"https:\/\/wagner-elektrik.de\/index.php?rest_route=%2Fwp%2Fv2%2Fcomments&post=1"}],"version-history":[{"count":18,"href":"https:\/\/wagner-elektrik.de\/index.php?rest_route=\/wp\/v2\/posts\/1\/revisions"}],"predecessor-version":[{"id":204,"href":"https:\/\/wagner-elektrik.de\/index.php?rest_route=\/wp\/v2\/posts\/1\/revisions\/204"}],"wp:attachment":[{"href":"https:\/\/wagner-elektrik.de\/index.php?rest_route=%2Fwp%2Fv2%2Fmedia&parent=1"}],"wp:term":[{"taxonomy":"category","embeddable":true,"href":"https:\/\/wagner-elektrik.de\/index.php?rest_route=%2Fwp%2Fv2%2Fcategories&post=1"},{"taxonomy":"post_tag","embeddable":true,"href":"https:\/\/wagner-elektrik.de\/index.php?rest_route=%2Fwp%2Fv2%2Ftags&post=1"}],"curies":[{"name":"wp","href":"https:\/\/api.w.org\/{rel}","templated":true}]}}